{"id":27392,"date":"2025-09-10T14:38:34","date_gmt":"2025-09-10T12:38:34","guid":{"rendered":"https:\/\/www.pir.sik.si\/2025\/09\/10\/predstavil-se-je-dnevni-center-skoljka\/"},"modified":"2025-09-12T15:15:47","modified_gmt":"2025-09-12T13:15:47","slug":"predstavil-se-je-dnevni-center-skoljka","status":"publish","type":"post","link":"https:\/\/www.pir.sik.si\/it\/2025\/09\/10\/predstavil-se-je-dnevni-center-skoljka\/","title":{"rendered":"Centro diurno \u0160koljka si presenta"},"content":{"rendered":"\t\t<div data-elementor-type=\"wp-post\" data-elementor-id=\"27392\" class=\"elementor elementor-27392 elementor-27378\" data-elementor-post-type=\"post\">\n\t\t\t\t\t\t<section class=\"elementor-section elementor-top-section elementor-element elementor-element-c967004 elementor-section-boxed elementor-section-height-default elementor-section-height-default\" data-id=\"c967004\" data-element_type=\"section\" data-e-type=\"section\">\n\t\t\t\t\t\t<div class=\"elementor-container elementor-column-gap-default\">\n\t\t\t\t\t<div class=\"elementor-column elementor-col-100 elementor-top-column elementor-element elementor-element-3248af03\" data-id=\"3248af03\" data-element_type=\"column\" data-e-type=\"column\">\n\t\t\t<div class=\"elementor-widget-wrap elementor-element-populated\">\n\t\t\t\t\t\t<div class=\"elementor-element elementor-element-6968e37a elementor-widget elementor-widget-text-editor\" data-id=\"6968e37a\" data-element_type=\"widget\" data-e-type=\"widget\" data-widget_type=\"text-editor.default\">\n\t\t\t\t<div class=\"elementor-widget-container\">\n\t\t\t\t\t\t\t\t\t<p>Marted\u00ec, 9 settembre 2025, presso\u00a0<span style=\"color: #808080;\">la\u00a0Biblioteca civica\u00a0di\u00a0<\/span>Pirano, il Centro di assistenza sociale della Primorska meridionale, unit\u00e0 di Pirano, in collaborazione con il Comune, ha presentato il programma del Centro diurno\u00a0 \u0160koljka, che include\u00a0laboratori intergenerazionali e altri eventi. L&#8217;obiettivo del programma \u00e8 quello di mettere in contatto diverse generazioni. Tutte le attivit\u00e0\u00a0 sono gratuite e molto diverse ad es. da attivit\u00e0\u00a0creative alla ginnastica, dalle conferenze ai giochi da tavolo. Gli eventi saranno svolti da volontari, dal luned\u00ec a venerd\u00ec, secondo l&#8217;orario. Nell&#8217;occasione \u00e8 stato presentato anche l&#8217;intenso e vario programma di settembre.<\/p>\t\t\t\t\t\t\t\t<\/div>\n\t\t\t\t<\/div>\n\t\t\t\t\t<\/div>\n\t\t<\/div>\n\t\t\t\t\t<\/div>\n\t\t<\/section>\n\t\t\t\t<section class=\"elementor-section elementor-top-section elementor-element elementor-element-aeee698 elementor-section-boxed elementor-section-height-default elementor-section-height-default\" data-id=\"aeee698\" data-element_type=\"section\" data-e-type=\"section\">\n\t\t\t\t\t\t<div class=\"elementor-container elementor-column-gap-default\">\n\t\t\t\t\t<div class=\"elementor-column elementor-col-100 elementor-top-column elementor-element elementor-element-5e9fd40\" data-id=\"5e9fd40\" data-element_type=\"column\" data-e-type=\"column\">\n\t\t\t<div class=\"elementor-widget-wrap elementor-element-populated\">\n\t\t\t\t\t\t<div class=\"elementor-element elementor-element-e512e7b elementor-arrows-position-inside elementor-pagination-position-outside elementor-widget elementor-widget-image-carousel\" data-id=\"e512e7b\" data-element_type=\"widget\" data-e-type=\"widget\" data-settings=\"{&quot;slides_to_show&quot;:&quot;3&quot;,&quot;slides_to_scroll&quot;:&quot;1&quot;,&quot;navigation&quot;:&quot;both&quot;,&quot;autoplay&quot;:&quot;yes&quot;,&quot;pause_on_hover&quot;:&quot;yes&quot;,&quot;pause_on_interaction&quot;:&quot;yes&quot;,&quot;autoplay_speed&quot;:5000,&quot;infinite&quot;:&quot;yes&quot;,&quot;speed&quot;:500}\" data-widget_type=\"image-carousel.default\">\n\t\t\t\t<div class=\"elementor-widget-container\">\n\t\t\t\t\t\t\t<div class=\"elementor-image-carousel-wrapper swiper\" role=\"region\" aria-roledescription=\"carousel\" aria-label=\"Image Carousel\" dir=\"ltr\">\n\t\t\t<div class=\"elementor-image-carousel swiper-wrapper\" aria-live=\"off\">\n\t\t\t\t\t\t\t\t<div class=\"swiper-slide\" role=\"group\" aria-roledescription=\"slide\" aria-label=\"1 di 4\"><a data-elementor-open-lightbox=\"yes\" data-elementor-lightbox-slideshow=\"e512e7b\" data-elementor-lightbox-title=\"IMG_5267\" data-e-action-hash=\"#elementor-action%3Aaction%3Dlightbox%26settings%3DeyJpZCI6MjczODAsInVybCI6Imh0dHBzOlwvXC93d3cucGlyLnNpay5zaVwvd3AtY29udGVudFwvdXBsb2Fkc1wvMjAyNVwvMDlcL0lNR181MjY3LXNjYWxlZC5qcGciLCJzbGlkZXNob3ciOiJlNTEyZTdiIn0%3D\" href=\"https:\/\/www.pir.sik.si\/wp-content\/uploads\/2025\/09\/IMG_5267-scaled.jpg\"><figure class=\"swiper-slide-inner\"><img decoding=\"async\" class=\"swiper-slide-image\" src=\"https:\/\/www.pir.sik.si\/wp-content\/uploads\/2025\/09\/IMG_5267-300x225.jpg\" alt=\"IMG_5267\" \/><\/figure><\/a><\/div><div class=\"swiper-slide\" role=\"group\" aria-roledescription=\"slide\" aria-label=\"2 di 4\"><a data-elementor-open-lightbox=\"yes\" data-elementor-lightbox-slideshow=\"e512e7b\" data-elementor-lightbox-title=\"IMG_5268\" data-e-action-hash=\"#elementor-action%3Aaction%3Dlightbox%26settings%3DeyJpZCI6MjczODIsInVybCI6Imh0dHBzOlwvXC93d3cucGlyLnNpay5zaVwvd3AtY29udGVudFwvdXBsb2Fkc1wvMjAyNVwvMDlcL0lNR181MjY4LXNjYWxlZC5qcGciLCJzbGlkZXNob3ciOiJlNTEyZTdiIn0%3D\" href=\"https:\/\/www.pir.sik.si\/wp-content\/uploads\/2025\/09\/IMG_5268-scaled.jpg\"><figure class=\"swiper-slide-inner\"><img decoding=\"async\" class=\"swiper-slide-image\" src=\"https:\/\/www.pir.sik.si\/wp-content\/uploads\/2025\/09\/IMG_5268-300x225.jpg\" alt=\"IMG_5268\" \/><\/figure><\/a><\/div><div class=\"swiper-slide\" role=\"group\" aria-roledescription=\"slide\" aria-label=\"3 di 4\"><a data-elementor-open-lightbox=\"yes\" data-elementor-lightbox-slideshow=\"e512e7b\" data-elementor-lightbox-title=\"IMG_5270\" data-e-action-hash=\"#elementor-action%3Aaction%3Dlightbox%26settings%3DeyJpZCI6MjczODYsInVybCI6Imh0dHBzOlwvXC93d3cucGlyLnNpay5zaVwvd3AtY29udGVudFwvdXBsb2Fkc1wvMjAyNVwvMDlcL0lNR181MjcwLXNjYWxlZC5qcGciLCJzbGlkZXNob3ciOiJlNTEyZTdiIn0%3D\" href=\"https:\/\/www.pir.sik.si\/wp-content\/uploads\/2025\/09\/IMG_5270-scaled.jpg\"><figure class=\"swiper-slide-inner\"><img decoding=\"async\" class=\"swiper-slide-image\" src=\"https:\/\/www.pir.sik.si\/wp-content\/uploads\/2025\/09\/IMG_5270-300x225.jpg\" alt=\"IMG_5270\" \/><\/figure><\/a><\/div><div class=\"swiper-slide\" role=\"group\" aria-roledescription=\"slide\" aria-label=\"4 di 4\"><a data-elementor-open-lightbox=\"yes\" data-elementor-lightbox-slideshow=\"e512e7b\" data-elementor-lightbox-title=\"IMG_5269\" data-e-action-hash=\"#elementor-action%3Aaction%3Dlightbox%26settings%3DeyJpZCI6MjczODQsInVybCI6Imh0dHBzOlwvXC93d3cucGlyLnNpay5zaVwvd3AtY29udGVudFwvdXBsb2Fkc1wvMjAyNVwvMDlcL0lNR181MjY5LXNjYWxlZC5qcGciLCJzbGlkZXNob3ciOiJlNTEyZTdiIn0%3D\" href=\"https:\/\/www.pir.sik.si\/wp-content\/uploads\/2025\/09\/IMG_5269-scaled.jpg\"><figure class=\"swiper-slide-inner\"><img decoding=\"async\" class=\"swiper-slide-image\" src=\"https:\/\/www.pir.sik.si\/wp-content\/uploads\/2025\/09\/IMG_5269-300x225.jpg\" alt=\"IMG_5269\" \/><\/figure><\/a><\/div>\t\t\t<\/div>\n\t\t\t\t\t\t\t\t\t\t\t\t<div class=\"elementor-swiper-button elementor-swiper-button-prev\" role=\"button\" tabindex=\"0\">\n\t\t\t\t\t\t<i aria-hidden=\"true\" class=\"eicon-chevron-left\"><\/i>\t\t\t\t\t<\/div>\n\t\t\t\t\t<div class=\"elementor-swiper-button elementor-swiper-button-next\" role=\"button\" tabindex=\"0\">\n\t\t\t\t\t\t<i aria-hidden=\"true\" class=\"eicon-chevron-right\"><\/i>\t\t\t\t\t<\/div>\n\t\t\t\t\n\t\t\t\t\t\t\t\t\t<div class=\"swiper-pagination\"><\/div>\n\t\t\t\t\t\t\t\t\t<\/div>\n\t\t\t\t\t\t<\/div>\n\t\t\t\t<\/div>\n\t\t\t\t\t<\/div>\n\t\t<\/div>\n\t\t\t\t\t<\/div>\n\t\t<\/section>\n\t\t\t\t<\/div>\n\t\t","protected":false},"excerpt":{"rendered":"<p>Marted\u00ec, 9 settembre 2025, presso\u00a0la\u00a0Biblioteca civica\u00a0di\u00a0Pirano, il Centro di assistenza sociale della Primorska meridionale, unit\u00e0 di Pirano, in collaborazione con il Comune, ha presentato il programma del Centro diurno\u00a0 \u0160koljka, [&hellip;]<\/p>\n","protected":false},"author":8,"featured_media":27380,"comment_status":"open","ping_status":"open","sticky":false,"template":"","format":"standard","meta":{"_acf_changed":false,"footnotes":""},"categories":[35],"tags":[],"class_list":["post-27392","post","type-post","status-publish","format-standard","has-post-thumbnail","hentry","category-eventi-per-gli-adulti"],"acf":[],"_links":{"self":[{"href":"https:\/\/www.pir.sik.si\/it\/wp-json\/wp\/v2\/posts\/27392","targetHints":{"allow":["GET"]}}],"collection":[{"href":"https:\/\/www.pir.sik.si\/it\/wp-json\/wp\/v2\/posts"}],"about":[{"href":"https:\/\/www.pir.sik.si\/it\/wp-json\/wp\/v2\/types\/post"}],"author":[{"embeddable":true,"href":"https:\/\/www.pir.sik.si\/it\/wp-json\/wp\/v2\/users\/8"}],"replies":[{"embeddable":true,"href":"https:\/\/www.pir.sik.si\/it\/wp-json\/wp\/v2\/comments?post=27392"}],"version-history":[{"count":7,"href":"https:\/\/www.pir.sik.si\/it\/wp-json\/wp\/v2\/posts\/27392\/revisions"}],"predecessor-version":[{"id":27399,"href":"https:\/\/www.pir.sik.si\/it\/wp-json\/wp\/v2\/posts\/27392\/revisions\/27399"}],"wp:featuredmedia":[{"embeddable":true,"href":"https:\/\/www.pir.sik.si\/it\/wp-json\/wp\/v2\/media\/27380"}],"wp:attachment":[{"href":"https:\/\/www.pir.sik.si\/it\/wp-json\/wp\/v2\/media?parent=27392"}],"wp:term":[{"taxonomy":"category","embeddable":true,"href":"https:\/\/www.pir.sik.si\/it\/wp-json\/wp\/v2\/categories?post=27392"},{"taxonomy":"post_tag","embeddable":true,"href":"https:\/\/www.pir.sik.si\/it\/wp-json\/wp\/v2\/tags?post=27392"}],"curies":[{"name":"wp","href":"https:\/\/api.w.org\/{rel}","templated":true}]}}