{"id":8745,"date":"2021-08-02T15:10:29","date_gmt":"2021-08-02T13:10:29","guid":{"rendered":"https:\/\/www.pir.sik.si\/?p=8745"},"modified":"2021-08-02T18:20:35","modified_gmt":"2021-08-02T16:20:35","slug":"mostra-dedicata-a-cesare-dellacqua-anche-in-biblioteca-civica-pirano","status":"publish","type":"post","link":"https:\/\/www.pir.sik.si\/it\/2021\/08\/02\/mostra-dedicata-a-cesare-dellacqua-anche-in-biblioteca-civica-pirano\/","title":{"rendered":"Mostra dedicata a Cesare Dell&#8217;Acqua anche in Biblioteca civica Pirano"},"content":{"rendered":"<p><span style=\"font-family: verdana, geneva, sans-serif; color: #333333;\">Fu uno dei massimi pittori del XIX sec. nacque a Pirano il 22 luglio 1821 da Andrea, giudice capodistriano e Caterina Lengo triestina. Formatosi all&#8217;Accademia di Belle Arti di Venezia ebbe notevole successo in Belgio, dove si trasfer\u00ec. Non dimentic\u00f2 mai n\u00e9 Pirano n\u00e9 Trieste.<\/span><\/p>\n<p><span style=\"font-family: verdana, geneva, sans-serif; color: #333333;\">In occasione del bicentenario della nascita di Cesare Dell&#8217;Acqua, nei vari siti espositivi (Archivio regionale Capodistria \u2013 sezione di Pirano, Municipio, Casa Tartini, Biblioteca civica Pirano) verranno esposti i pannelli illustrativi della vita e dell&#8217;opera dell&#8217;artista.<\/span><\/p>\n","protected":false},"excerpt":{"rendered":"<p>Fu uno dei massimi pittori del XIX sec. nacque a Pirano il 22 luglio 1821 da Andrea, giudice capodistriano e Caterina Lengo triestina. Formatosi all&#8217;Accademia di Belle Arti di Venezia [&hellip;]<\/p>\n","protected":false},"author":2,"featured_media":8730,"comment_status":"open","ping_status":"open","sticky":false,"template":"","format":"standard","meta":{"_acf_changed":false,"footnotes":""},"categories":[41],"tags":[],"class_list":["post-8745","post","type-post","status-publish","format-standard","has-post-thumbnail","hentry","category-esposizioni-mostre"],"acf":[],"_links":{"self":[{"href":"https:\/\/www.pir.sik.si\/it\/wp-json\/wp\/v2\/posts\/8745","targetHints":{"allow":["GET"]}}],"collection":[{"href":"https:\/\/www.pir.sik.si\/it\/wp-json\/wp\/v2\/posts"}],"about":[{"href":"https:\/\/www.pir.sik.si\/it\/wp-json\/wp\/v2\/types\/post"}],"author":[{"embeddable":true,"href":"https:\/\/www.pir.sik.si\/it\/wp-json\/wp\/v2\/users\/2"}],"replies":[{"embeddable":true,"href":"https:\/\/www.pir.sik.si\/it\/wp-json\/wp\/v2\/comments?post=8745"}],"version-history":[{"count":2,"href":"https:\/\/www.pir.sik.si\/it\/wp-json\/wp\/v2\/posts\/8745\/revisions"}],"predecessor-version":[{"id":8757,"href":"https:\/\/www.pir.sik.si\/it\/wp-json\/wp\/v2\/posts\/8745\/revisions\/8757"}],"wp:featuredmedia":[{"embeddable":true,"href":"https:\/\/www.pir.sik.si\/it\/wp-json\/wp\/v2\/media\/8730"}],"wp:attachment":[{"href":"https:\/\/www.pir.sik.si\/it\/wp-json\/wp\/v2\/media?parent=8745"}],"wp:term":[{"taxonomy":"category","embeddable":true,"href":"https:\/\/www.pir.sik.si\/it\/wp-json\/wp\/v2\/categories?post=8745"},{"taxonomy":"post_tag","embeddable":true,"href":"https:\/\/www.pir.sik.si\/it\/wp-json\/wp\/v2\/tags?post=8745"}],"curies":[{"name":"wp","href":"https:\/\/api.w.org\/{rel}","templated":true}]}}