{"id":9237,"date":"2021-09-21T16:26:04","date_gmt":"2021-09-21T14:26:04","guid":{"rendered":"https:\/\/www.pir.sik.si\/?p=9237"},"modified":"2021-09-21T16:28:22","modified_gmt":"2021-09-21T14:28:22","slug":"conferenza-con-proezioni-saline-di-pirano-dal-passato-ad-oggi","status":"publish","type":"post","link":"https:\/\/www.pir.sik.si\/it\/2021\/09\/21\/conferenza-con-proezioni-saline-di-pirano-dal-passato-ad-oggi\/","title":{"rendered":"Conferenza con proezioni &#8220;Saline di Pirano dal passato ad oggi&#8221;"},"content":{"rendered":"<p><span style=\"font-family: verdana, geneva, sans-serif; color: #333333;\">La Biblioteca civica di Pirano, nell&#8217;ambito delle Giornate europee del patrimonio culturale 2021, ha il piacere di invitarLa alla conferenza con proiezioni Le saline di Pirano dal passato ad oggi, marted\u00ec 28 settembre 2021 alle ore 19.00 nella sala di lettura della biblioteca (via O. \u017dupan\u010di\u010d 4). L&#8217;importanza delle saline nel tempo e della tutela del patrimonio delle saline ci presenteranno in parole ed immagini Etbin Tav\u010dar e Matja\u017e Kljun dell&#8217;Istituto per la tutela dei beni culturali, UT di Pirano.\u00a0<strong>All&#8217;ingresso alla manifestazione sar\u00e0 necessario esibire una conferma elettronica o scritta dell&#8217;adempimento della condizione GVT.<\/strong><\/span><\/p>\n","protected":false},"excerpt":{"rendered":"<p>La Biblioteca civica di Pirano, nell&#8217;ambito delle Giornate europee del patrimonio culturale 2021, ha il piacere di invitarLa alla conferenza con proiezioni Le saline di Pirano dal passato ad oggi, [&hellip;]<\/p>\n","protected":false},"author":2,"featured_media":9219,"comment_status":"open","ping_status":"open","sticky":false,"template":"","format":"standard","meta":{"_acf_changed":false,"footnotes":""},"categories":[35],"tags":[],"class_list":["post-9237","post","type-post","status-publish","format-standard","has-post-thumbnail","hentry","category-eventi-per-gli-adulti"],"acf":[],"_links":{"self":[{"href":"https:\/\/www.pir.sik.si\/it\/wp-json\/wp\/v2\/posts\/9237","targetHints":{"allow":["GET"]}}],"collection":[{"href":"https:\/\/www.pir.sik.si\/it\/wp-json\/wp\/v2\/posts"}],"about":[{"href":"https:\/\/www.pir.sik.si\/it\/wp-json\/wp\/v2\/types\/post"}],"author":[{"embeddable":true,"href":"https:\/\/www.pir.sik.si\/it\/wp-json\/wp\/v2\/users\/2"}],"replies":[{"embeddable":true,"href":"https:\/\/www.pir.sik.si\/it\/wp-json\/wp\/v2\/comments?post=9237"}],"version-history":[{"count":2,"href":"https:\/\/www.pir.sik.si\/it\/wp-json\/wp\/v2\/posts\/9237\/revisions"}],"predecessor-version":[{"id":9241,"href":"https:\/\/www.pir.sik.si\/it\/wp-json\/wp\/v2\/posts\/9237\/revisions\/9241"}],"wp:featuredmedia":[{"embeddable":true,"href":"https:\/\/www.pir.sik.si\/it\/wp-json\/wp\/v2\/media\/9219"}],"wp:attachment":[{"href":"https:\/\/www.pir.sik.si\/it\/wp-json\/wp\/v2\/media?parent=9237"}],"wp:term":[{"taxonomy":"category","embeddable":true,"href":"https:\/\/www.pir.sik.si\/it\/wp-json\/wp\/v2\/categories?post=9237"},{"taxonomy":"post_tag","embeddable":true,"href":"https:\/\/www.pir.sik.si\/it\/wp-json\/wp\/v2\/tags?post=9237"}],"curies":[{"name":"wp","href":"https:\/\/api.w.org\/{rel}","templated":true}]}}